{"id":623,"date":"2017-11-06T19:59:48","date_gmt":"2017-11-06T19:59:48","guid":{"rendered":"https:\/\/www.infinitypartners.eu\/2017\/11\/06\/zlote-tarasy-w-garwolinie-14-edycja-debaty-inwestowanie-w-nieruchomosci\/"},"modified":"2020-06-08T10:10:28","modified_gmt":"2020-06-08T10:10:28","slug":"zlote-tarasy-w-garwolinie-14-edycja-debaty-inwestowanie-w-nieruchomosci","status":"publish","type":"post","link":"https:\/\/www.infinitypartners.eu\/pl\/zlote-tarasy-w-garwolinie-14-edycja-debaty-inwestowanie-w-nieruchomosci\/","title":{"rendered":"Z\u0142ote Tarasy w Garwolinie 14. edycja debaty \u201eInwestowanie w Nieruchomo\u015bci\u201d"},"content":{"rendered":"<p><div class=\"fusion-fullwidth fullwidth-box fusion-builder-row-1 nonhundred-percent-fullwidth non-hundred-percent-height-scrolling\" style=\"background-color: rgba(255,255,255,0);background-position: center center;background-repeat: no-repeat;padding-top:0px;padding-right:0px;padding-bottom:0px;padding-left:0px;margin-bottom: 0px;margin-top: 0px;border-width: 0px 0px 0px 0px;border-color:#eae9e9;border-style:solid;\" ><div class=\"fusion-builder-row fusion-row\"><div class=\"fusion-layout-column fusion_builder_column fusion-builder-column-0 fusion_builder_column_1_1 1_1 fusion-one-full fusion-column-first fusion-column-last\" style=\"margin-top:0px;margin-bottom:20px;\"><div class=\"fusion-column-wrapper fusion-flex-column-wrapper-legacy\" style=\"background-position:left top;background-repeat:no-repeat;-webkit-background-size:cover;-moz-background-size:cover;-o-background-size:cover;background-size:cover;padding: 0px 0px 0px 0px;\"><div class=\"fusion-text fusion-text-1\"><h1>Z\u0142ote Tarasy w Garwolinie 14. edycja debaty \u201eInwestowanie w Nieruchomo\u015bci\u201d<\/h1>\n<\/div><div class=\"fusion-sep-clear\"><\/div><div class=\"fusion-separator fusion-clearfix\" style=\"float:left;width:100%;max-width:10%;\"><div class=\"fusion-separator-border sep-single sep-solid\" style=\"border-color:#b7a488;border-top-width:2px;\"><\/div><\/div><div class=\"fusion-sep-clear\"><\/div><div class=\"fusion-text fusion-text-2\"><h4>Czternast\u0105 edycj\u0119 debaty \u201eInwestowanie w Nieruchomo\u015bci\u201d patronatem obj\u0119\u0142y\u00a0<strong>bankier.pl,<\/strong>\u00a0<strong>Klub Polskiej Rady Biznesu<\/strong>\u00a0oraz\u00a0<strong>IREM Polska,<\/strong>a partnerami wydarzenia by\u0142y\u00a0<strong>Prime Real Estate Solutions, Echo Investment\u00a0<\/strong>oraz<strong>\u00a0Boryszew S.A.<\/strong><\/h4>\n<\/div><div class=\"fusion-clearfix\"><\/div><\/div><\/div><\/div><\/div><div class=\"fusion-fullwidth fullwidth-box fusion-builder-row-2 nonhundred-percent-fullwidth non-hundred-percent-height-scrolling\" style=\"background-color: rgba(255,255,255,0);background-position: center center;background-repeat: no-repeat;padding-top:1%;padding-right:0px;padding-bottom:1%;padding-left:0px;margin-bottom: 0px;margin-top: 0px;border-width: 0px 0px 0px 0px;border-color:#eae9e9;border-style:solid;\" ><div class=\"fusion-builder-row fusion-row\"><div class=\"fusion-layout-column fusion_builder_column fusion-builder-column-1 fusion_builder_column_1_1 1_1 fusion-one-full fusion-column-first fusion-column-last\" style=\"margin-top:0px;margin-bottom:20px;\"><div class=\"fusion-column-wrapper fusion-flex-column-wrapper-legacy\" style=\"background-position:left top;background-repeat:no-repeat;-webkit-background-size:cover;-moz-background-size:cover;-o-background-size:cover;background-size:cover;padding: 0px 0px 0px 0px;\"><span class=\" fusion-imageframe imageframe-none imageframe-1 hover-type-none\"><img decoding=\"async\" width=\"870\" height=\"488\" title=\"Infinity-Partners-partner-w-debacie-Inwestowanie-w-Nieruchomo\u015bci14-870&#215;488\" src=\"https:\/\/www.infinitypartners.eu\/wp-content\/uploads\/2017\/11\/Infinity-Partners-partner-w-debacie-Inwestowanie-w-Nieruchomo\u015bci14-870x488.png\" data-orig-src=\"https:\/\/www.infinitypartners.eu\/wp-content\/uploads\/2017\/11\/Infinity-Partners-partner-w-debacie-Inwestowanie-w-Nieruchomo\u015bci14-870x488.png\" class=\"lazyload img-responsive wp-image-894\" srcset=\"data:image\/svg+xml,%3Csvg%20xmlns%3D%27http%3A%2F%2Fwww.w3.org%2F2000%2Fsvg%27%20width%3D%27870%27%20height%3D%27488%27%20viewBox%3D%270%200%20870%20488%27%3E%3Crect%20width%3D%27870%27%20height%3D%27488%27%20fill-opacity%3D%220%22%2F%3E%3C%2Fsvg%3E\" data-srcset=\"https:\/\/www.infinitypartners.eu\/wp-content\/uploads\/2017\/11\/Infinity-Partners-partner-w-debacie-Inwestowanie-w-Nieruchomo\u015bci14-870x488-200x112.png 200w, https:\/\/www.infinitypartners.eu\/wp-content\/uploads\/2017\/11\/Infinity-Partners-partner-w-debacie-Inwestowanie-w-Nieruchomo\u015bci14-870x488-400x224.png 400w, https:\/\/www.infinitypartners.eu\/wp-content\/uploads\/2017\/11\/Infinity-Partners-partner-w-debacie-Inwestowanie-w-Nieruchomo\u015bci14-870x488-600x337.png 600w, https:\/\/www.infinitypartners.eu\/wp-content\/uploads\/2017\/11\/Infinity-Partners-partner-w-debacie-Inwestowanie-w-Nieruchomo\u015bci14-870x488-800x449.png 800w\" data-sizes=\"auto\" data-orig-sizes=\"(max-width: 800px) 100vw, 870px\" \/><\/span><div class=\"fusion-clearfix\"><\/div><\/div><\/div><\/div><\/div><div class=\"fusion-fullwidth fullwidth-box fusion-builder-row-3 nonhundred-percent-fullwidth non-hundred-percent-height-scrolling\" style=\"background-color: rgba(255,255,255,0);background-position: center center;background-repeat: no-repeat;padding-top:1%;padding-right:0px;padding-bottom:1%;padding-left:0px;margin-bottom: 0px;margin-top: 0px;border-width: 0px 0px 0px 0px;border-color:#eae9e9;border-style:solid;\" ><div class=\"fusion-builder-row fusion-row\"><div class=\"fusion-layout-column fusion_builder_column fusion-builder-column-2 fusion_builder_column_1_1 1_1 fusion-one-full fusion-column-first fusion-column-last\" style=\"margin-top:0px;margin-bottom:20px;\"><div class=\"fusion-column-wrapper fusion-flex-column-wrapper-legacy\" style=\"background-position:left top;background-repeat:no-repeat;-webkit-background-size:cover;-moz-background-size:cover;-o-background-size:cover;background-size:cover;padding: 0px 0px 0px 0px;\"><div class=\"fusion-text fusion-text-3\"><h3><strong>Nie wprowadzenie podatku handlowego, ale zakaz handlu w niedziel\u0119, zamieszanie wok\u00f3\u0142 opodatkowania transakcji inwestycyjnych i zwalniaj\u0105ca gospodarka \u2013 to najwa\u017cniejsze zagro\u017cenia dla polskiego rynku nieruchomo\u015bci handlowych wed\u0142ug uczestnik\u00f3w 14. edycji debaty \u201eInwestowanie w Nieruchomo\u015bci\u201d, kt\u00f3ra odby\u0142a si\u0119 w ubieg\u0142ym tygodniu w Klubie Polskiej Rady Biznesu w Warszawie<\/strong><\/h3>\n<\/div><div class=\"fusion-text fusion-text-4\"><p>Jeszcze przed wej\u015bciem w \u017cycie tzw. podatku handlowego eksperci alarmowali, \u017ce najprawdopodobniej nie spe\u0142ni on swojego zadania, bo sklepy przerzuc\u0105 go na poddostawc\u00f3w i klient\u00f3w. Niewielu analityk\u00f3w przewidzia\u0142o jednak, \u017ce Komisja Europejska radykalnie oprotestuje jego wprowadzenie, uznaj\u0105c go za niedozwolon\u0105 pomoc dla mniejszych podmiot\u00f3w. W tej chwili jego obowi\u0105zywanie jest zamro\u017cone do 1. stycznia 2018 roku. Wiele wskazuje na to, \u017ce po tej dacie podatek ten w tej czy innej formie b\u0119dzie \u015bci\u0105gany. Przedstawicielom rynku nieruchomo\u015bci handlowych sen z powiek sp\u0119dza jednak inny pomys\u0142 rz\u0105du \u2013 w\u0142a\u015bciwie przes\u0105dzone ju\u017c wprowadzenie ca\u0142kowitego zakazu handlu w niedziel\u0119.<br \/>\n\u2013\u00a0<em>Kto na tym najbardziej straci? Na pewno nie bran\u017ca spo\u017cywcza. Ludzie musz\u0105 je\u015b\u0107 i po prostu naucz\u0105 si\u0119 kupowa\u0107 \u017cywno\u015b\u0107 w inne dni albo b\u0119d\u0105 zamawia\u0107 j\u0105 w sieci. Najbardziej ucierpi sektor odzie\u017cowy\u00a0 i us\u0142ugi<\/em>\u00a0\u2013 przewiduje\u00a0<strong>Mariusz Majkowski<\/strong>, dyrektor dzia\u0142u wynajmu powierzchni handlowych w firmie doradczej CBRE. Podobnego zdania by\u0142\u00a0<strong>Witold Bre\u015b<\/strong>, dyrektor ds. zarz\u0105dzania aktywami funduszu inwestycyjnego Peakside Polonia Management: \u2013\u00a0<em>Najwi\u0119kszymi przegranymi b\u0119d\u0105 sprzedawcy zatrudnieni w odzie\u017c\u00f3wce, rozliczani zazwyczaj w systemie prowizyjnym; oni najwi\u0119cej zarabiaj\u0105 w\u0142a\u015bnie w niedziele. Ucierpi\u0105 r\u00f3wnie\u017c studenci, dla kt\u00f3rych praca w weekendy w centrach handlowych i sklepach to jedno z najcz\u0119stszych \u017ar\u00f3de\u0142 zarobkowania<\/em>\u00a0\u2013 m\u00f3wi\u0142 Bre\u015b. Z kolei\u00a0<strong>Beata Latoszek<\/strong>, szefowa oddzia\u0142u banku Deutsche Hypo w Polsce zwr\u00f3ci\u0142a uwag\u0119 na inny, mniej znany aspekt wprowadzenia zakazu handlu w niedziel\u0119:<br \/>\n\u2013\u00a0<em>W ostatnim czasie wykszta\u0142ci\u0142a si\u0119 u nas swego rodzaju turystyka handlowa z Izraela. Przed weekendem l\u0105duj\u0105 u nas samoloty pe\u0142ne turyst\u00f3w z tego kraju, kt\u00f3rzy kupuj\u0105 w polskich galeriach dos\u0142ownie wszystko. Kiedy zakaz wejdzie w \u017cycie, to zjawisko prawdopodobnie zaniknie.<\/em><\/p>\n<p><em>\u00a0<\/em><\/p>\n<h2><strong>Dla inwestor\u00f3w liczy si\u0119 makroekonomia<\/strong><\/h2>\n<p>Na inne tory debat\u0119 skierowa\u0142a\u00a0<strong>Anna Duchnowska<\/strong>, dyrektor ds. zarz\u0105dzania aktywami w funduszu Invesco RE. Zwr\u00f3ci\u0142a ona uwag\u0119, \u017ce na rynku handlowym \u2013 podobnie jak w bran\u017cy biurowej \u2013 mo\u017ce nied\u0142ugo doj\u015b\u0107 do odwrotu zagranicznych inwestor\u00f3w. \u2013\u00a0<em>Dla mnie najwi\u0119kszym niebezpiecze\u0144stwem jest spadaj\u0105ce PKB<\/em>\u00a0\u2013 m\u00f3wi\u0142a Duchnowska. \u2013\u00a0<em>Jeszcze niedawno rz\u0105d zapowiada\u0142 3,8% w skali roku, wed\u0142ug najnowszych prognoz w czwartym kwartale m\u00f3wi si\u0119 ju\u017c tylko o 2,5%. Mo\u017ce by\u0107 wi\u0119c tak, \u017ce optymistyczne przewidywania na przysz\u0142y rok, m\u00f3wi\u0105ce o ponad 3% PKB si\u0119 nie ziszcz\u0105. Dla inwestor\u00f3w to jest chyba najwi\u0119kszy problem. Podatek handlowy, zakaz handlu w niedziel\u0119 dla nich to cz\u0119sto niewiele znacz\u0105ce sprawy. W pierwszej kolejno\u015bci obserwuj\u0105 oni wska\u017aniki makroekonomiczne. No i to, jak wygl\u0105da zasobno\u015b\u0107 portfeli naszych rodak\u00f3w na tle innych pa\u0144stw UE.\u00a0<\/em>Niska si\u0142a nabywcza Polak\u00f3w wed\u0142ug uczestnik\u00f3w debaty jest powodem, dla kt\u00f3rego nasz kraj opuszczaj\u0105 tzw. marki luksusowe. Z drugiej strony oznacza to tez dynamiczny rozw\u00f3j sieci kieruj\u0105cych swoj\u0105 ofert\u0119 do klient\u00f3w z mniej zamo\u017cnych portfelem. \u2013\u00a0<em>Jeszcze kilka la temu sieci niskobud\u017cetowych w galeriach handlowych nie by\u0142o. Dzi\u015b Pepco, KiK czy Textil Market pojawiaj\u0105 si\u0119 w nich coraz cz\u0119\u015bciej i \u015bwietnie sobie radz\u0105. S\u0105 to marki wr\u0119cz coraz bardziej po\u017c\u0105dane, nie uwa\u017ca si\u0119 ich ju\u017c w og\u00f3le za czynnik dewaluuj\u0105cy obiekt, ale jako zapewniaj\u0105cy wi\u0119ksz\u0105 odwiedzalno\u015b\u0107 ca\u0142ego obiektu<\/em>\u00a0\u2013 m\u00f3wi\u0142\u00a0<strong>Maciej Krenek<\/strong>, dyrektor zarz\u0105dzaj\u0105cy RE Project Development. Jego s\u0142owa potwierdzi\u0142\u00a0<strong>Bartosz Kazimierczuk<\/strong>, prezes zarz\u0105du Tower Investments. \u2013\u00a0<em>My inwestujemy tam, gdzie si\u0142a nabywcza jest najs\u0142absza. I ta si\u0142a ma swoje preferowane marki, kt\u00f3rych sklepy najch\u0119tniej odwiedza. Nie ma w tym nic z\u0142ego \u2013 to jest po prostu dostosowanie oferty do mo\u017cliwo\u015bci zakupowych klienta. Pepco i Textil Market w mniejszych aglomeracjach rozwijaj\u0105 si\u0119 b\u0142yskawicznie. Naszym zadaniem jest dostarczy\u0107 mieszka\u0144com tych miast jaki\u015b ekwiwalent galerii handlowej. Wiadomo, \u017ce w takim Garwolinie, gdzie wybudowali\u015bmy park handlowy nie powstanie \u017cadna galeria. Ale dzi\u0119ki temu nasz park handlowy staje si\u0119 \u201eZ\u0142otymi Tarasami\u201d dla ca\u0142ego tego regionu<\/em>\u00a0\u2013 m\u00f3wi\u0142 Kazimierczuk.<\/p>\n<figure id=\"attachment_31348\" class=\"wp-caption aligncenter\"><figcaption class=\"wp-caption-text\">Infinity Partners 14 debata Inwestowanie w Nieruchomo\u015bci<\/figcaption><\/figure>\n<h2><strong><br \/>\nKiedy polskie REIT-y?<\/strong><\/h2>\n<p><strong>\u00a0<\/strong>Sporo miejsca podczas debaty po\u015bwi\u0119cono r\u00f3wnie\u017c sztandarowym elementom Programu Budowy Kapita\u0142u wicepremiera Morawieckiego, jakim maj\u0105 by\u0107 Publiczne Fundusze Nieruchomo\u015bci, planowane jako odpowiedniki zachodnich Real Estate Investment Funds. REIT-y to zwolnione z podatku\u00a0<strong>dochodowego od os\u00f3b prawnych fundusze inwestuj\u0105ce w nieruchomo\u015bci komercyjne, wyp\u0142acaj\u0105ce corocznie niemal ca\u0142y sw\u00f3j zysk akcjonariatowi w postaci dywidendy.\u00a0<\/strong><strong>Ma\u0142gorzata Kosi\u0144ska,\u00a0<\/strong>prezes zarz\u0105du Stowarzyszenia REIT Polska,\u00a0<strong>Pawe\u0142 Tamborski<\/strong>, by\u0142y prezes Gie\u0142dy Papier\u00f3w Warto\u015bciowych oraz\u00a0<strong>Mariusz Stawiarczyk<\/strong>, partner w kancelarii Radzikowski, Szubielska i Wsp\u00f3lnicy wyczerpuj\u0105co przedstawili ide\u0119 oraz funkcjonowanie tego typu struktur na Zachodzie oraz om\u00f3wili poprawki, jakie Stowarzyszenie REIT Polska zg\u0142osi\u0142o do projektu ustawy o REIT-ach, obecnie procedowanego przez Sejm. Zdaniem Kosi\u0144skiej ustawa mo\u017ce wej\u015b\u0107 w \u017cycie ju\u017c na pocz\u0105tku 2017 roku, cho\u0107 pocz\u0105tkowo spodziewano si\u0119 jej na prze\u0142omie wiosny i lata przysz\u0142ego roku.<\/p>\n<\/div><div class=\"fusion-clearfix\"><\/div><\/div><\/div><\/div><\/div><\/p>\n","protected":false},"excerpt":{"rendered":"","protected":false},"author":4,"featured_media":894,"comment_status":"closed","ping_status":"open","sticky":false,"template":"","format":"standard","meta":{"footnotes":""},"categories":[19],"tags":[],"class_list":["post-623","post","type-post","status-publish","format-standard","has-post-thumbnail","hentry","category-nowosci"],"yoast_head":"<!-- This site is optimized with the Yoast SEO plugin v27.5 - https:\/\/yoast.com\/product\/yoast-seo-wordpress\/ -->\n<title>Z\u0142ote Tarasy w Garwolinie 14. edycja debaty \u201eInwestowanie w Nieruchomo\u015bci\u201d - Infinity Partners<\/title>\n<meta name=\"robots\" content=\"index, follow, max-snippet:-1, max-image-preview:large, max-video-preview:-1\" \/>\n<link rel=\"canonical\" href=\"https:\/\/www.infinitypartners.eu\/pl\/zlote-tarasy-w-garwolinie-14-edycja-debaty-inwestowanie-w-nieruchomosci\/\" \/>\n<meta property=\"og:locale\" content=\"pl_PL\" \/>\n<meta property=\"og:type\" content=\"article\" \/>\n<meta property=\"og:title\" content=\"Z\u0142ote Tarasy w Garwolinie 14. edycja debaty \u201eInwestowanie w Nieruchomo\u015bci\u201d - Infinity Partners\" \/>\n<meta property=\"og:url\" content=\"https:\/\/www.infinitypartners.eu\/pl\/zlote-tarasy-w-garwolinie-14-edycja-debaty-inwestowanie-w-nieruchomosci\/\" \/>\n<meta property=\"og:site_name\" content=\"Infinity Partners\" \/>\n<meta property=\"article:published_time\" content=\"2017-11-06T19:59:48+00:00\" \/>\n<meta property=\"article:modified_time\" content=\"2020-06-08T10:10:28+00:00\" \/>\n<meta property=\"og:image\" content=\"https:\/\/www.infinitypartners.eu\/wp-content\/uploads\/2017\/11\/Infinity-Partners-partner-w-debacie-Inwestowanie-w-Nieruchomo\u015bci14-870x488.png\" \/>\n\t<meta property=\"og:image:width\" content=\"870\" \/>\n\t<meta property=\"og:image:height\" content=\"488\" \/>\n\t<meta property=\"og:image:type\" content=\"image\/png\" \/>\n<meta name=\"author\" content=\"Marcin \u0141ozi\u0144ski\" \/>\n<meta name=\"twitter:card\" content=\"summary_large_image\" \/>\n<meta name=\"twitter:label1\" content=\"Napisane przez\" \/>\n\t<meta name=\"twitter:data1\" content=\"Marcin \u0141ozi\u0144ski\" \/>\n\t<meta name=\"twitter:label2\" content=\"Szacowany czas czytania\" \/>\n\t<meta name=\"twitter:data2\" content=\"8 minut\" \/>\n<script type=\"application\/ld+json\" class=\"yoast-schema-graph\">{\"@context\":\"https:\\\/\\\/schema.org\",\"@graph\":[{\"@type\":\"Article\",\"@id\":\"https:\\\/\\\/www.infinitypartners.eu\\\/pl\\\/zlote-tarasy-w-garwolinie-14-edycja-debaty-inwestowanie-w-nieruchomosci\\\/#article\",\"isPartOf\":{\"@id\":\"https:\\\/\\\/www.infinitypartners.eu\\\/pl\\\/zlote-tarasy-w-garwolinie-14-edycja-debaty-inwestowanie-w-nieruchomosci\\\/\"},\"author\":{\"name\":\"Marcin \u0141ozi\u0144ski\",\"@id\":\"https:\\\/\\\/www.infinitypartners.eu\\\/pl\\\/#\\\/schema\\\/person\\\/013d0dd88838a5721c7d48fa2eeb0347\"},\"headline\":\"Z\u0142ote Tarasy w Garwolinie 14. edycja debaty \u201eInwestowanie w Nieruchomo\u015bci\u201d\",\"datePublished\":\"2017-11-06T19:59:48+00:00\",\"dateModified\":\"2020-06-08T10:10:28+00:00\",\"mainEntityOfPage\":{\"@id\":\"https:\\\/\\\/www.infinitypartners.eu\\\/pl\\\/zlote-tarasy-w-garwolinie-14-edycja-debaty-inwestowanie-w-nieruchomosci\\\/\"},\"wordCount\":1548,\"image\":{\"@id\":\"https:\\\/\\\/www.infinitypartners.eu\\\/pl\\\/zlote-tarasy-w-garwolinie-14-edycja-debaty-inwestowanie-w-nieruchomosci\\\/#primaryimage\"},\"thumbnailUrl\":\"https:\\\/\\\/www.infinitypartners.eu\\\/wp-content\\\/uploads\\\/2017\\\/11\\\/Infinity-Partners-partner-w-debacie-Inwestowanie-w-Nieruchomo\u015bci14-870x488.png\",\"articleSection\":[\"Nowo\u015bci\"],\"inLanguage\":\"pl-PL\"},{\"@type\":\"WebPage\",\"@id\":\"https:\\\/\\\/www.infinitypartners.eu\\\/pl\\\/zlote-tarasy-w-garwolinie-14-edycja-debaty-inwestowanie-w-nieruchomosci\\\/\",\"url\":\"https:\\\/\\\/www.infinitypartners.eu\\\/pl\\\/zlote-tarasy-w-garwolinie-14-edycja-debaty-inwestowanie-w-nieruchomosci\\\/\",\"name\":\"Z\u0142ote Tarasy w Garwolinie 14. edycja debaty \u201eInwestowanie w Nieruchomo\u015bci\u201d - Infinity Partners\",\"isPartOf\":{\"@id\":\"https:\\\/\\\/www.infinitypartners.eu\\\/pl\\\/#website\"},\"primaryImageOfPage\":{\"@id\":\"https:\\\/\\\/www.infinitypartners.eu\\\/pl\\\/zlote-tarasy-w-garwolinie-14-edycja-debaty-inwestowanie-w-nieruchomosci\\\/#primaryimage\"},\"image\":{\"@id\":\"https:\\\/\\\/www.infinitypartners.eu\\\/pl\\\/zlote-tarasy-w-garwolinie-14-edycja-debaty-inwestowanie-w-nieruchomosci\\\/#primaryimage\"},\"thumbnailUrl\":\"https:\\\/\\\/www.infinitypartners.eu\\\/wp-content\\\/uploads\\\/2017\\\/11\\\/Infinity-Partners-partner-w-debacie-Inwestowanie-w-Nieruchomo\u015bci14-870x488.png\",\"datePublished\":\"2017-11-06T19:59:48+00:00\",\"dateModified\":\"2020-06-08T10:10:28+00:00\",\"author\":{\"@id\":\"https:\\\/\\\/www.infinitypartners.eu\\\/pl\\\/#\\\/schema\\\/person\\\/013d0dd88838a5721c7d48fa2eeb0347\"},\"breadcrumb\":{\"@id\":\"https:\\\/\\\/www.infinitypartners.eu\\\/pl\\\/zlote-tarasy-w-garwolinie-14-edycja-debaty-inwestowanie-w-nieruchomosci\\\/#breadcrumb\"},\"inLanguage\":\"pl-PL\",\"potentialAction\":[{\"@type\":\"ReadAction\",\"target\":[\"https:\\\/\\\/www.infinitypartners.eu\\\/pl\\\/zlote-tarasy-w-garwolinie-14-edycja-debaty-inwestowanie-w-nieruchomosci\\\/\"]}]},{\"@type\":\"ImageObject\",\"inLanguage\":\"pl-PL\",\"@id\":\"https:\\\/\\\/www.infinitypartners.eu\\\/pl\\\/zlote-tarasy-w-garwolinie-14-edycja-debaty-inwestowanie-w-nieruchomosci\\\/#primaryimage\",\"url\":\"https:\\\/\\\/www.infinitypartners.eu\\\/wp-content\\\/uploads\\\/2017\\\/11\\\/Infinity-Partners-partner-w-debacie-Inwestowanie-w-Nieruchomo\u015bci14-870x488.png\",\"contentUrl\":\"https:\\\/\\\/www.infinitypartners.eu\\\/wp-content\\\/uploads\\\/2017\\\/11\\\/Infinity-Partners-partner-w-debacie-Inwestowanie-w-Nieruchomo\u015bci14-870x488.png\",\"width\":870,\"height\":488},{\"@type\":\"BreadcrumbList\",\"@id\":\"https:\\\/\\\/www.infinitypartners.eu\\\/pl\\\/zlote-tarasy-w-garwolinie-14-edycja-debaty-inwestowanie-w-nieruchomosci\\\/#breadcrumb\",\"itemListElement\":[{\"@type\":\"ListItem\",\"position\":1,\"name\":\"Home\",\"item\":\"https:\\\/\\\/www.infinitypartners.eu\\\/pl\\\/\"},{\"@type\":\"ListItem\",\"position\":2,\"name\":\"Z\u0142ote Tarasy w Garwolinie 14. edycja debaty \u201eInwestowanie w Nieruchomo\u015bci\u201d\"}]},{\"@type\":\"WebSite\",\"@id\":\"https:\\\/\\\/www.infinitypartners.eu\\\/pl\\\/#website\",\"url\":\"https:\\\/\\\/www.infinitypartners.eu\\\/pl\\\/\",\"name\":\"Infinity Partners\",\"description\":\"Advisory &amp; Investments\",\"potentialAction\":[{\"@type\":\"SearchAction\",\"target\":{\"@type\":\"EntryPoint\",\"urlTemplate\":\"https:\\\/\\\/www.infinitypartners.eu\\\/pl\\\/?s={search_term_string}\"},\"query-input\":{\"@type\":\"PropertyValueSpecification\",\"valueRequired\":true,\"valueName\":\"search_term_string\"}}],\"inLanguage\":\"pl-PL\"},{\"@type\":\"Person\",\"@id\":\"https:\\\/\\\/www.infinitypartners.eu\\\/pl\\\/#\\\/schema\\\/person\\\/013d0dd88838a5721c7d48fa2eeb0347\",\"name\":\"Marcin \u0141ozi\u0144ski\",\"url\":\"https:\\\/\\\/www.infinitypartners.eu\\\/pl\\\/author\\\/marcininfinitypartners-eu\\\/\"}]}<\/script>\n<!-- \/ Yoast SEO plugin. -->","yoast_head_json":{"title":"Z\u0142ote Tarasy w Garwolinie 14. edycja debaty \u201eInwestowanie w Nieruchomo\u015bci\u201d - Infinity Partners","robots":{"index":"index","follow":"follow","max-snippet":"max-snippet:-1","max-image-preview":"max-image-preview:large","max-video-preview":"max-video-preview:-1"},"canonical":"https:\/\/www.infinitypartners.eu\/pl\/zlote-tarasy-w-garwolinie-14-edycja-debaty-inwestowanie-w-nieruchomosci\/","og_locale":"pl_PL","og_type":"article","og_title":"Z\u0142ote Tarasy w Garwolinie 14. edycja debaty \u201eInwestowanie w Nieruchomo\u015bci\u201d - Infinity Partners","og_url":"https:\/\/www.infinitypartners.eu\/pl\/zlote-tarasy-w-garwolinie-14-edycja-debaty-inwestowanie-w-nieruchomosci\/","og_site_name":"Infinity Partners","article_published_time":"2017-11-06T19:59:48+00:00","article_modified_time":"2020-06-08T10:10:28+00:00","og_image":[{"width":870,"height":488,"url":"https:\/\/www.infinitypartners.eu\/wp-content\/uploads\/2017\/11\/Infinity-Partners-partner-w-debacie-Inwestowanie-w-Nieruchomo\u015bci14-870x488.png","type":"image\/png"}],"author":"Marcin \u0141ozi\u0144ski","twitter_card":"summary_large_image","twitter_misc":{"Napisane przez":"Marcin \u0141ozi\u0144ski","Szacowany czas czytania":"8 minut"},"schema":{"@context":"https:\/\/schema.org","@graph":[{"@type":"Article","@id":"https:\/\/www.infinitypartners.eu\/pl\/zlote-tarasy-w-garwolinie-14-edycja-debaty-inwestowanie-w-nieruchomosci\/#article","isPartOf":{"@id":"https:\/\/www.infinitypartners.eu\/pl\/zlote-tarasy-w-garwolinie-14-edycja-debaty-inwestowanie-w-nieruchomosci\/"},"author":{"name":"Marcin \u0141ozi\u0144ski","@id":"https:\/\/www.infinitypartners.eu\/pl\/#\/schema\/person\/013d0dd88838a5721c7d48fa2eeb0347"},"headline":"Z\u0142ote Tarasy w Garwolinie 14. edycja debaty \u201eInwestowanie w Nieruchomo\u015bci\u201d","datePublished":"2017-11-06T19:59:48+00:00","dateModified":"2020-06-08T10:10:28+00:00","mainEntityOfPage":{"@id":"https:\/\/www.infinitypartners.eu\/pl\/zlote-tarasy-w-garwolinie-14-edycja-debaty-inwestowanie-w-nieruchomosci\/"},"wordCount":1548,"image":{"@id":"https:\/\/www.infinitypartners.eu\/pl\/zlote-tarasy-w-garwolinie-14-edycja-debaty-inwestowanie-w-nieruchomosci\/#primaryimage"},"thumbnailUrl":"https:\/\/www.infinitypartners.eu\/wp-content\/uploads\/2017\/11\/Infinity-Partners-partner-w-debacie-Inwestowanie-w-Nieruchomo\u015bci14-870x488.png","articleSection":["Nowo\u015bci"],"inLanguage":"pl-PL"},{"@type":"WebPage","@id":"https:\/\/www.infinitypartners.eu\/pl\/zlote-tarasy-w-garwolinie-14-edycja-debaty-inwestowanie-w-nieruchomosci\/","url":"https:\/\/www.infinitypartners.eu\/pl\/zlote-tarasy-w-garwolinie-14-edycja-debaty-inwestowanie-w-nieruchomosci\/","name":"Z\u0142ote Tarasy w Garwolinie 14. edycja debaty \u201eInwestowanie w Nieruchomo\u015bci\u201d - Infinity Partners","isPartOf":{"@id":"https:\/\/www.infinitypartners.eu\/pl\/#website"},"primaryImageOfPage":{"@id":"https:\/\/www.infinitypartners.eu\/pl\/zlote-tarasy-w-garwolinie-14-edycja-debaty-inwestowanie-w-nieruchomosci\/#primaryimage"},"image":{"@id":"https:\/\/www.infinitypartners.eu\/pl\/zlote-tarasy-w-garwolinie-14-edycja-debaty-inwestowanie-w-nieruchomosci\/#primaryimage"},"thumbnailUrl":"https:\/\/www.infinitypartners.eu\/wp-content\/uploads\/2017\/11\/Infinity-Partners-partner-w-debacie-Inwestowanie-w-Nieruchomo\u015bci14-870x488.png","datePublished":"2017-11-06T19:59:48+00:00","dateModified":"2020-06-08T10:10:28+00:00","author":{"@id":"https:\/\/www.infinitypartners.eu\/pl\/#\/schema\/person\/013d0dd88838a5721c7d48fa2eeb0347"},"breadcrumb":{"@id":"https:\/\/www.infinitypartners.eu\/pl\/zlote-tarasy-w-garwolinie-14-edycja-debaty-inwestowanie-w-nieruchomosci\/#breadcrumb"},"inLanguage":"pl-PL","potentialAction":[{"@type":"ReadAction","target":["https:\/\/www.infinitypartners.eu\/pl\/zlote-tarasy-w-garwolinie-14-edycja-debaty-inwestowanie-w-nieruchomosci\/"]}]},{"@type":"ImageObject","inLanguage":"pl-PL","@id":"https:\/\/www.infinitypartners.eu\/pl\/zlote-tarasy-w-garwolinie-14-edycja-debaty-inwestowanie-w-nieruchomosci\/#primaryimage","url":"https:\/\/www.infinitypartners.eu\/wp-content\/uploads\/2017\/11\/Infinity-Partners-partner-w-debacie-Inwestowanie-w-Nieruchomo\u015bci14-870x488.png","contentUrl":"https:\/\/www.infinitypartners.eu\/wp-content\/uploads\/2017\/11\/Infinity-Partners-partner-w-debacie-Inwestowanie-w-Nieruchomo\u015bci14-870x488.png","width":870,"height":488},{"@type":"BreadcrumbList","@id":"https:\/\/www.infinitypartners.eu\/pl\/zlote-tarasy-w-garwolinie-14-edycja-debaty-inwestowanie-w-nieruchomosci\/#breadcrumb","itemListElement":[{"@type":"ListItem","position":1,"name":"Home","item":"https:\/\/www.infinitypartners.eu\/pl\/"},{"@type":"ListItem","position":2,"name":"Z\u0142ote Tarasy w Garwolinie 14. edycja debaty \u201eInwestowanie w Nieruchomo\u015bci\u201d"}]},{"@type":"WebSite","@id":"https:\/\/www.infinitypartners.eu\/pl\/#website","url":"https:\/\/www.infinitypartners.eu\/pl\/","name":"Infinity Partners","description":"Advisory &amp; Investments","potentialAction":[{"@type":"SearchAction","target":{"@type":"EntryPoint","urlTemplate":"https:\/\/www.infinitypartners.eu\/pl\/?s={search_term_string}"},"query-input":{"@type":"PropertyValueSpecification","valueRequired":true,"valueName":"search_term_string"}}],"inLanguage":"pl-PL"},{"@type":"Person","@id":"https:\/\/www.infinitypartners.eu\/pl\/#\/schema\/person\/013d0dd88838a5721c7d48fa2eeb0347","name":"Marcin \u0141ozi\u0144ski","url":"https:\/\/www.infinitypartners.eu\/pl\/author\/marcininfinitypartners-eu\/"}]}},"_links":{"self":[{"href":"https:\/\/www.infinitypartners.eu\/pl\/wp-json\/wp\/v2\/posts\/623","targetHints":{"allow":["GET"]}}],"collection":[{"href":"https:\/\/www.infinitypartners.eu\/pl\/wp-json\/wp\/v2\/posts"}],"about":[{"href":"https:\/\/www.infinitypartners.eu\/pl\/wp-json\/wp\/v2\/types\/post"}],"author":[{"embeddable":true,"href":"https:\/\/www.infinitypartners.eu\/pl\/wp-json\/wp\/v2\/users\/4"}],"replies":[{"embeddable":true,"href":"https:\/\/www.infinitypartners.eu\/pl\/wp-json\/wp\/v2\/comments?post=623"}],"version-history":[{"count":1,"href":"https:\/\/www.infinitypartners.eu\/pl\/wp-json\/wp\/v2\/posts\/623\/revisions"}],"predecessor-version":[{"id":848,"href":"https:\/\/www.infinitypartners.eu\/pl\/wp-json\/wp\/v2\/posts\/623\/revisions\/848"}],"wp:featuredmedia":[{"embeddable":true,"href":"https:\/\/www.infinitypartners.eu\/pl\/wp-json\/wp\/v2\/media\/894"}],"wp:attachment":[{"href":"https:\/\/www.infinitypartners.eu\/pl\/wp-json\/wp\/v2\/media?parent=623"}],"wp:term":[{"taxonomy":"category","embeddable":true,"href":"https:\/\/www.infinitypartners.eu\/pl\/wp-json\/wp\/v2\/categories?post=623"},{"taxonomy":"post_tag","embeddable":true,"href":"https:\/\/www.infinitypartners.eu\/pl\/wp-json\/wp\/v2\/tags?post=623"}],"curies":[{"name":"wp","href":"https:\/\/api.w.org\/{rel}","templated":true}]}}